{"id":3972,"global_id":"afleurdepierre.com\/wp?id=3972","global_id_lineage":["afleurdepierre.com\/wp?id=3972"],"author":"2","status":"publish","date":"2025-04-16 11:06:49","date_utc":"2025-04-16 09:06:49","modified":"2025-04-16 11:07:41","modified_utc":"2025-04-16 09:07:41","url":"https:\/\/afleurdepierre.com\/wp\/event\/chantier-participatif-aidez-a-fleur-de-pierre-a-demenager-son-garage\/","rest_url":"https:\/\/afleurdepierre.com\/wp\/wp-json\/tribe\/events\/v1\/events\/3972","title":"\ud83d\udcaa\ud83c\udffc Chantier participatif : Aidez \u00c0 Fleur de Pierre \u00e0 d\u00e9m\u00e9nager son garage !","description":"<p class=\"\" data-start=\"233\" data-end=\"433\">L&rsquo;association <strong data-start=\"247\" data-end=\"268\">\u00c0 Fleur de Pierre<\/strong> organise un <strong data-start=\"281\" data-end=\"306\">chantier participatif<\/strong> pour d\u00e9m\u00e9nager son garage situ\u00e9 au <strong data-start=\"342\" data-end=\"380\">4 rue des Monges \u00e0 Digne-les-Bains<\/strong>, vers un local au <strong data-start=\"408\" data-end=\"432\">Quartier des Thermes<\/strong>.<\/p>\n<p class=\"\" data-start=\"435\" data-end=\"545\">\ud83d\udce6 <strong data-start=\"438\" data-end=\"449\">Quand ?<\/strong><br data-start=\"449\" data-end=\"452\" \/><strong data-start=\"452\" data-end=\"490\">Mercredi 23 avril \u00e0 partir de 9h30<\/strong><br data-start=\"490\" data-end=\"493\" \/>\ud83d\udccd Rendez-vous au 4 rue des Monges 04000 Digne-les-Bains<\/p>\n<p class=\"\" data-start=\"547\" data-end=\"694\">Nous aurons un camion et une voiture \u00e0 disposition, mais ce sont surtout <strong data-start=\"620\" data-end=\"669\">vos bras, votre \u00e9nergie et votre bonne humeur<\/strong> dont nous avons besoin !<\/p>\n<p class=\"\" data-start=\"696\" data-end=\"928\">Si vous \u00eates disponibles, m\u00eame quelques heures, votre aide sera pr\u00e9cieuse.<br data-start=\"770\" data-end=\"773\" \/>\ud83e\udd6a Pensez \u00e0 apporter un <strong data-start=\"797\" data-end=\"812\">pique-nique<\/strong> si vous restez toute la journ\u00e9e &#8211; le tout dans une ambiance <strong data-start=\"873\" data-end=\"926\">chaleureuse, conviviale et pleine de bonne humeur<\/strong> !<\/p>\n<p data-start=\"1349\" data-end=\"1462\">\ud83c\udf3b Pour plus d\u2019informations, <strong>contactez Sandrine\u00a0<\/strong>par t\u00e9l\u00e9phone au\u00a0<strong>06 33 30 58 32\u00a0<\/strong>ou par email : <strong>jardinsdigne.afleurdepierre[at]orange.fr<\/strong><\/p>\n<p data-start=\"1349\" data-end=\"1462\">\ud83d\udcaa\ud83c\udffc Rejoignez-nous pour ce moment solidaire et actif.<br data-start=\"982\" data-end=\"985\" \/>Merci d\u2019avance pour votre participation !<\/p>","excerpt":"","slug":"chantier-participatif-aidez-a-fleur-de-pierre-a-demenager-son-garage","image":false,"all_day":false,"start_date":"2025-04-23 09:30:00","start_date_details":{"year":"2025","month":"04","day":"23","hour":"09","minutes":"30","seconds":"00"},"end_date":"2025-04-23 17:30:00","end_date_details":{"year":"2025","month":"04","day":"23","hour":"17","minutes":"30","seconds":"00"},"utc_start_date":"2025-04-23 07:30:00","utc_start_date_details":{"year":"2025","month":"04","day":"23","hour":"07","minutes":"30","seconds":"00"},"utc_end_date":"2025-04-23 15:30:00","utc_end_date_details":{"year":"2025","month":"04","day":"23","hour":"15","minutes":"30","seconds":"00"},"timezone":"Europe\/Paris","timezone_abbr":"CEST","cost":"","cost_details":{"currency_symbol":"$","currency_code":"USD","currency_position":"prefix","values":[]},"website":"","show_map":false,"show_map_link":false,"hide_from_listings":false,"sticky":false,"featured":false,"categories":[],"tags":[],"venue":{"id":3973,"author":"2","status":"publish","date":"2025-04-16 11:06:49","date_utc":"2025-04-16 09:06:49","modified":"2025-04-16 11:08:48","modified_utc":"2025-04-16 09:08:48","url":"https:\/\/afleurdepierre.com\/wp\/lieu\/4-rue-des-monges-digne-les-bains\/","venue":"Garage","slug":"4-rue-des-monges-digne-les-bains","address":"4 rue des Monges","city":"Digne-les-Bains","json_ld":{"@type":"Place","name":"Garage","description":"","url":"","address":{"@type":"PostalAddress","streetAddress":"4 rue des Monges","addressLocality":"Digne-les-Bains"},"telephone":"","sameAs":""},"show_map":true,"show_map_link":true,"global_id":"afleurdepierre.com\/wp?id=3973","global_id_lineage":["afleurdepierre.com\/wp?id=3973"]},"organizer":[],"custom_fields":[],"json_ld":{"@context":"http:\/\/schema.org","@type":"Event","name":"\ud83d\udcaa\ud83c\udffc Chantier participatif : Aidez \u00c0 Fleur de Pierre \u00e0 d\u00e9m\u00e9nager son garage !","description":"&lt;p&gt;L\\'association \u00c0 Fleur de Pierre organise un chantier participatif pour d\u00e9m\u00e9nager son garage situ\u00e9 au 4 rue des Monges \u00e0 Digne-les-Bains, vers un local au Quartier des Thermes. \ud83d\udce6 Quand [&hellip;]&lt;\/p&gt;\\n","url":"https:\/\/afleurdepierre.com\/wp\/event\/chantier-participatif-aidez-a-fleur-de-pierre-a-demenager-son-garage\/","eventAttendanceMode":"https:\/\/schema.org\/OfflineEventAttendanceMode","eventStatus":"https:\/\/schema.org\/EventScheduled","startDate":"2025-04-23T09:30:00+02:00","endDate":"2025-04-23T17:30:00+02:00","location":{"@type":"Place","name":"Garage","description":"","url":"","address":{"@type":"PostalAddress","streetAddress":"4 rue des Monges","addressLocality":"Digne-les-Bains"},"telephone":"","sameAs":""},"performer":"Organization"}}