{"id":209,"date":"2013-11-28T15:48:42","date_gmt":"2013-11-28T14:48:42","guid":{"rendered":"http:\/\/afleurdepierre.com\/wp\/ateliers-passes\/"},"modified":"2020-05-27T12:22:30","modified_gmt":"2020-05-27T10:22:30","slug":"ateliers-passes-1","status":"publish","type":"post","link":"https:\/\/afleurdepierre.com\/wp\/ateliers-passes-1\/","title":{"rendered":"Ateliers pass\u00e9s"},"content":{"rendered":"<ul>\n<li><span style=\"color: #333333;\"><strong><u>Atelier Cuisine<\/u><\/strong><span style=\"font-size: 14px;\"><strong> :<\/strong> \u00a0\u00bb Conservation\u00a0\u00bb <span style=\"font-size: 12px;\">&gt;<\/span><\/span> Dimanche 15 septembre 2013<\/span><\/li>\n<li><span style=\"color: #333333;\"><strong><u>Atelier Cuisine<\/u><\/strong><span style=\"font-size: 14px;\"><strong> : <\/strong>\u00a0\u00bb Pains &amp; Galettes du monde \u00a0\u00bb <\/span>&gt; Vendredi 18 octobre 2013<\/span><\/li>\n<li><span style=\"color: #333333;\"><strong><u>Cueillette <\/u><\/strong><span style=\"font-size: 14px;\">\u00a0\u00bb Sortie \u00e0 la noix \u00a0\u00bb <\/span>&gt; Dimanche 27 octobre 2013<\/span><\/li>\n<li><span style=\"color: #333333;\"><strong><u>Atelier Cuisine<\/u><\/strong><span style=\"font-size: 14px;\"><strong> : <\/strong>\u00a0\u00bb Un repas complet sans viande \u00a0\u00bb <\/span>&gt; Samedi 14 d\u00e9cembre 2013<\/span><\/li>\n<li><span style=\"color: #333333;\"><strong><u>Atelier Cuisine <\/u><\/strong><span style=\"font-size: 14px;\"><strong>: <\/strong>\u00a0\u00bb Les soupes compl\u00e8tes \u00ab\u00a0<\/span>\u00a0 &gt; Samedi 8 f\u00e9vrier\u00a0 2014<\/span><\/li>\n<li><span style=\"color: #333333;\"><strong><u>Atelier Jardin<\/u><\/strong><span style=\"font-size: 14px;\"><strong> :<\/strong> \u00a0\u00bb Taille douce des fruitiers \u00ab\u00a0<\/span> &gt; 22 f\u00e9vrier 2014<\/span><\/li>\n<li><span style=\"color: #333333;\"><strong><u>Atelier Jardin<\/u><\/strong><span style=\"font-size: 14px;\"><strong> :<\/strong> \u00a0\u00bb Mise en route du jardin au printemps \u00a0\u00bb <\/span>&gt; 15 mars 2014<\/span><\/li>\n<li><span style=\"color: #333333;\"><strong><u>Atelier Bricolage <\/u><\/strong><span style=\"font-size: 14px;\">: \u00a0\u00bb Construire un cuiseur parabolique solaire \u00ab\u00a0<\/span> &gt; 3 &amp; 4 juillet 2014<\/span><\/li>\n<li><span style=\"color: #333333;\"><strong><u>Atelier Cuisine <\/u><\/strong><span style=\"font-size: 14px;\"><strong>:<\/strong> \u00ab\u00a0Confitures &amp; Fruits s\u00e9ch\u00e9s\u00a0\u00bb<\/span> &gt; 7 septembre 2014<\/span><\/li>\n<li><span style=\"color: #333333;\"><strong><u>Atelier Bricolage<\/u><\/strong><span style=\"font-size: 14px;\"><strong> :<\/strong> \u00ab\u00a0Construire un four en terre-paille\u00a0\u00bb<\/span> &gt; 13 septembre 2014<\/span><\/li>\n<li><span style=\"color: #333333;\"><strong><u>Atelier Cuisine<\/u><\/strong><span style=\"font-size: 14px;\"><strong> :<\/strong> \u00a0\u00bb La conservation\u00a0\u00bb<\/span> &gt; 28 septembre 2014<\/span><\/li>\n<li><span style=\"color: #333333;\"><strong><u>Atelier Presse<\/u><\/strong><span style=\"font-size: 14px;\"><strong> :<\/strong> fabriquer ses propres jus de fruits <\/span>&gt; 14 octobre 2014<\/span><\/li>\n<li><span style=\"color: #333333;\"><strong><u>Atelier Cuisine<\/u><\/strong><span style=\"font-size: 14px;\"><strong> : <\/strong>\u00ab\u00a0Achats Malins\u00a0\u00bb<\/span> &gt; 24 janvier 2015<\/span><\/li>\n<li><span style=\"color: #333333;\"><strong><u>Atelier Cuisine <\/u><\/strong><span style=\"font-size: 14px;\">: l&rsquo;art d&rsquo;accommoder les restes<\/span> &gt; 21 f\u00e9vrier 2015<\/span><\/li>\n<li><span style=\"color: #333333;\"><strong><u>Atelier jardin<\/u><\/strong><span style=\"font-size: 14px;\"><strong> :<\/strong> Taille douce des fruitiers<\/span> &gt; 7 mars 2015<\/span><\/li>\n<li><span style=\"color: #333333;\"><strong><u>Atelier cuisine <\/u><\/strong><span style=\"font-size: 14px;\"><strong>: <\/strong>\u00e9pluchures &amp; trognons<\/span> &gt; 21 mars 2015<\/span><\/li>\n<li><span style=\"color: #333333;\"><strong><u>Atelier jardin<\/u><\/strong><span style=\"font-size: 14px;\"><strong> :<\/strong> Mise en route du jardin au printemps<\/span> &gt; 28 mars 2015<\/span><\/li>\n<li><span style=\"color: #333333;\"><strong><u>Atelier cuisine <\/u><\/strong><span style=\"font-size: 14px;\">: Autour du pain sec<\/span> &gt; 4 avril 2015<\/span><\/li>\n<li><span style=\"color: #333333;\"><strong><u>Atelier jardin<\/u><\/strong><span style=\"font-size: 14px;\"><strong> :<\/strong> Osier Vivant &gt; <span style=\"font-size: 12px;\">11 avril 2015<\/span><\/span><\/span><\/li>\n<li><span style=\"color: #333333;\"><strong><u>Atelier Cuisine<\/u><\/strong><span style=\"font-size: 14px;\"><strong> : <\/strong>\u00ab\u00a0Faire manger des l\u00e9gumes aux enfants\u00a0\u00bb &gt;<\/span> 25 avril 2015<\/span><\/li>\n<li><span style=\"color: #333333;\"><strong><u>Atelier musique au jardin<\/u><\/strong><span style=\"font-size: 14px;\"> &gt;<\/span> 26 septembre 2015<\/span><\/li>\n<li><span style=\"color: #333333;\"><strong><u>Atelier<\/u><\/strong><span style=\"font-size: 14px;\"><strong> : <\/strong>lanceur de graines<strong> &gt;<\/strong><\/span> 26 septembre 2015<\/span><\/li>\n<li><span style=\"color: #333333;\"><strong><u>Atelier jardin<\/u><\/strong><span style=\"font-size: 14px;\"><strong> : <\/strong>Plantations d&rsquo;automne<\/span> &gt; 15 et 16 octobre 2015<\/span><\/li>\n<li><span style=\"color: #333333;\"><strong><u>Atelier Brico-r\u00e9cup<\/u><\/strong><span style=\"font-size: 14px;\"><strong> :<\/strong> Fabrication de mobilier de-jardin a partir de palettes de recuperation<\/span> &gt; 23 et 30 fevrier 2016<\/span><\/li>\n<li><span style=\"color: #333333;\"><strong><u>Atelier jardin<\/u><\/strong><span style=\"font-size: 14px;\"><strong> :<\/strong> Fabrication d&rsquo;une mini serre chassis &gt; <span style=\"font-size: 12px;\">20 f\u00e9vrier 2016<\/span><\/span><\/span><\/li>\n<li><span style=\"color: #333333;\"><strong><u>Atelier jardin <\/u><\/strong><span style=\"font-size: 14px;\">: Taille douce des fruitiers &gt; <span style=\"font-size: 12px;\">5 mars 2016<\/span><\/span><\/span><\/li>\n<li><span style=\"color: #333333;\"><strong><u>Atelier \u00e9criture<\/u><\/strong><span style=\"font-size: 14px;\"> : Accrostiche en Accroche tige et Calligramme &gt; 27 ao\u00fbt 2016<\/span><\/span><\/li>\n<li><span style=\"color: #333333;\"><strong><u>Atelier jardin<\/u><\/strong><span style=\"font-size: 14px;\"> : R\u00e9cuperation de graines &gt; 17 septembre<\/span><\/span><\/li>\n<li><span style=\"color: #333333;\"><strong><u>Atelier jardine ta Rue <\/u><\/strong>: Cr\u00e9ation de land art v\u00e9g\u00e9tale &gt; 22 septembre<\/span><\/li>\n<li><span style=\"color: #333333;\"><strong><u>Atelier jardine ta Rue<\/u><\/strong> : Techniques de creations v\u00e9g\u00e9tales &gt; 24 septembre<\/span><\/li>\n<li><span style=\"color: #333333;\"><strong><u>Atelier presse <\/u><\/strong>: Journ\u00e9e presse de fruit avec l&rsquo;association fruit d&rsquo;avenir &gt; 2 octobre 2016<\/span><\/li>\n<li><span style=\"color: #333333;\"><strong>Atelier jardin<\/strong> :\u00a0Le compost au service d&rsquo;un sol vivant<\/span><\/li>\n<li><span style=\"color: #333333;\"><u>Atelier jardin :<\/u> d\u00e9monstration autour des d\u00e9chets verts<\/span><\/li>\n<li><span style=\"color: #333333;\">Atelier Jardine Ta Rue : projet de vid\u00e9o participative (Automne 2017)<\/span><\/li>\n<li><span style=\"color: #333333;\">Atelier Jardin : construction d&rsquo;un muret en pierres s\u00e8ches (10\/2017)<\/span><\/li>\n<li><span style=\"color: #333333;\">Atelier Cosm\u00e9tique Naturel : fabrication d&rsquo;un baume au calendula (12\/2017)<\/span><\/li>\n<li><span style=\"color: #333333;\">Atelier Jardin : Mise en hivernage au jardin (10\/2017)<\/span><\/li>\n<li><span style=\"color: #333333;\">Atelier Jardin : Op\u00e9ration de Broyage des d\u00e9chets verts (10\/2017)<\/span><\/li>\n<\/ul>\n","protected":false},"excerpt":{"rendered":"<p>Atelier Cuisine : \u00a0\u00bb Conservation\u00a0\u00bb &gt; Dimanche 15 septembre 2013 Atelier Cuisine : \u00a0\u00bb Pains &amp; Galettes du monde \u00a0\u00bb &gt; Vendredi 18 octobre 2013 Cueillette \u00a0\u00bb Sortie \u00e0 la [&hellip;]<\/p>\n","protected":false},"author":1,"featured_media":210,"comment_status":"closed","ping_status":"closed","sticky":false,"template":"","format":"standard","meta":{"footnotes":""},"categories":[25,31],"tags":[],"class_list":{"0":"post-209","1":"post","2":"type-post","3":"status-publish","4":"format-standard","5":"has-post-thumbnail","7":"category-ateliers-passes","8":"category-archives-et-contenus-anciens","9":"czr-hentry"},"_links":{"self":[{"href":"https:\/\/afleurdepierre.com\/wp\/wp-json\/wp\/v2\/posts\/209","targetHints":{"allow":["GET"]}}],"collection":[{"href":"https:\/\/afleurdepierre.com\/wp\/wp-json\/wp\/v2\/posts"}],"about":[{"href":"https:\/\/afleurdepierre.com\/wp\/wp-json\/wp\/v2\/types\/post"}],"author":[{"embeddable":true,"href":"https:\/\/afleurdepierre.com\/wp\/wp-json\/wp\/v2\/users\/1"}],"replies":[{"embeddable":true,"href":"https:\/\/afleurdepierre.com\/wp\/wp-json\/wp\/v2\/comments?post=209"}],"version-history":[{"count":3,"href":"https:\/\/afleurdepierre.com\/wp\/wp-json\/wp\/v2\/posts\/209\/revisions"}],"predecessor-version":[{"id":1922,"href":"https:\/\/afleurdepierre.com\/wp\/wp-json\/wp\/v2\/posts\/209\/revisions\/1922"}],"wp:featuredmedia":[{"embeddable":true,"href":"https:\/\/afleurdepierre.com\/wp\/wp-json\/wp\/v2\/media\/210"}],"wp:attachment":[{"href":"https:\/\/afleurdepierre.com\/wp\/wp-json\/wp\/v2\/media?parent=209"}],"wp:term":[{"taxonomy":"category","embeddable":true,"href":"https:\/\/afleurdepierre.com\/wp\/wp-json\/wp\/v2\/categories?post=209"},{"taxonomy":"post_tag","embeddable":true,"href":"https:\/\/afleurdepierre.com\/wp\/wp-json\/wp\/v2\/tags?post=209"}],"curies":[{"name":"wp","href":"https:\/\/api.w.org\/{rel}","templated":true}]}}