{"id":405,"date":"2017-07-18T16:37:42","date_gmt":"2017-07-18T14:37:42","guid":{"rendered":"http:\/\/afleurdepierre.com\/wp\/venir-aux-jardins-cest-par-ici\/"},"modified":"2025-02-17T16:51:12","modified_gmt":"2025-02-17T15:51:12","slug":"venir-aux-jardins-cest-par-ici","status":"publish","type":"post","link":"https:\/\/afleurdepierre.com\/wp\/venir-aux-jardins-cest-par-ici\/","title":{"rendered":"Venir aux jardins"},"content":{"rendered":"\n<p><strong>Amis des Jardins, si vous souhaitez visiter les jardins ouverts et n\u00e9anmoins cl\u00f4tur\u00e9s, les jardiniers sur place vous accueilleront avec plaisir.<\/strong><\/p>\n\n\n\n<h3 class=\"wp-block-heading\">#Digne-les-Bains<\/h3>\n\n\n\n<h2 class=\"wp-block-heading\"><strong>Jardin des Cerises, quartier Pigeonnier-Barbejas :<\/strong><\/h2>\n\n\n\n<p><strong>Quartier du Pigeonnier-Barbejas, (en face de l&rsquo;\u00e9cole \u00ab\u00a0Le Pigeonnier\u00a0\u00bb), 04000 Digne<\/strong><\/p>\n\n\n\n<figure class=\"wp-block-image size-large\"><img loading=\"lazy\" decoding=\"async\" width=\"1116\" height=\"543\" src=\"https:\/\/afleurdepierre.com\/wp\/wp-content\/uploads\/Carte-Cerise-2.jpg\" alt=\"\" class=\"wp-image-1502\" srcset=\"https:\/\/afleurdepierre.com\/wp\/wp-content\/uploads\/Carte-Cerise-2.jpg 1116w, https:\/\/afleurdepierre.com\/wp\/wp-content\/uploads\/Carte-Cerise-2-300x146.jpg 300w, https:\/\/afleurdepierre.com\/wp\/wp-content\/uploads\/Carte-Cerise-2-768x374.jpg 768w\" sizes=\"auto, (max-width: 1116px) 100vw, 1116px\" \/><\/figure>\n\n\n\n<p>En arrivant sur Digne (rond-point du 11 novembre), prendre la 1\u00e8re \u00e0 droite, direction \u00ab&nbsp;les Thermes&nbsp;\u00bb.<\/p>\n\n\n\n<p>D\u00e9passer Intermarch\u00e9 sur la droite, et au croisement suivant (en Y), prendre \u00e0 toujours \u00e0 droite, direction \u00ab&nbsp;les Thermes&nbsp;\u00bb.<\/p>\n\n\n\n<p>Longer les premiers immeubles HLM sur la droite, d\u00e9passer l\u2019\u00e9cole, puis prendre une petite rue \u00e0 droite : panneau \u00ab&nbsp;Jardin des Cerises&nbsp;\u00bb en bois, de couleur vert et rouge (il y a \u00e9galement un panneau bleu \u00ab&nbsp;Salle de tennis de table&nbsp;\u00bb).<\/p>\n\n\n\n<p>Au bout de cette ruelle, on voit le jardin sur la gauche, un grand portail rouge.<\/p>\n\n\n\n<h2 class=\"wp-block-heading\"> <strong>Jardin des Phac\u00e9lies, quartier du Moulin :<\/strong> <\/h2>\n\n\n\n<p><strong>7b rue du Moulin, 04000 Digne<\/strong><\/p>\n\n\n\n<figure class=\"wp-block-image size-large\"><img loading=\"lazy\" decoding=\"async\" width=\"1116\" height=\"543\" src=\"https:\/\/afleurdepierre.com\/wp\/wp-content\/uploads\/Carte-Phac\u00e9lie-1.jpg\" alt=\"\" class=\"wp-image-1534\" srcset=\"https:\/\/afleurdepierre.com\/wp\/wp-content\/uploads\/Carte-Phac\u00e9lie-1.jpg 1116w, https:\/\/afleurdepierre.com\/wp\/wp-content\/uploads\/Carte-Phac\u00e9lie-1-300x146.jpg 300w, https:\/\/afleurdepierre.com\/wp\/wp-content\/uploads\/Carte-Phac\u00e9lie-1-768x374.jpg 768w\" sizes=\"auto, (max-width: 1116px) 100vw, 1116px\" \/><\/figure>\n\n\n\n<p>Pour acc\u00e9der au Jardin, et surtout pour se garer, il faut passer par la rue du 19 mars 1962 (\u00e0 gauche, entre l\u2019\u00e9glise et la gendarmerie, quand on vient du \u00ab rond-point des pompiers), se garer au petit parking entre le groupe scolaire et les HLM du Moulin, puis finir \u00e0 pied par le cheminement pi\u00e9tonnier qui continue tout droit (ne pas se garer dans ce chemin).<\/p>\n\n\n\n<p>Attention : par le chemin du Moulin, il est pr\u00e9f\u00e9rable de se garer aux quelques places de parking de la rue des Aub\u00e9pines qu\u2019exceptionnellement en cas de besoin de d\u00e9chargement de mat\u00e9riel encombrant ou lourd.<\/p>\n\n\n\n<p>Merci d\u2019avance<\/p>\n\n\n\n<p><strong>Ne pas se garer devant le jardin, les voisins n&rsquo;appr\u00e9cient pas !<\/strong><\/p>\n\n\n\n<h2 class=\"wp-block-heading\"><strong>Jardin des Grelinettes, Centre Ville :<\/strong><\/h2>\n\n\n\n<p><strong>4, rue Joseph Reinach, 04000 Digne<\/strong><\/p>\n\n\n\n<figure class=\"wp-block-image size-large\"><img loading=\"lazy\" decoding=\"async\" width=\"1116\" height=\"543\" src=\"https:\/\/afleurdepierre.com\/wp\/wp-content\/uploads\/carteGrelinettes.jpg\" alt=\"\" class=\"wp-image-1538\" srcset=\"https:\/\/afleurdepierre.com\/wp\/wp-content\/uploads\/carteGrelinettes.jpg 1116w, https:\/\/afleurdepierre.com\/wp\/wp-content\/uploads\/carteGrelinettes-300x146.jpg 300w, https:\/\/afleurdepierre.com\/wp\/wp-content\/uploads\/carteGrelinettes-768x374.jpg 768w\" sizes=\"auto, (max-width: 1116px) 100vw, 1116px\" \/><\/figure>\n\n\n\n<h2 class=\"wp-block-heading\"><strong>Jardins des Eaux Chaudes, route des Thermes :<\/strong><\/h2>\n\n\n\n<figure class=\"wp-block-image size-large\"><img loading=\"lazy\" decoding=\"async\" width=\"1116\" height=\"543\" src=\"https:\/\/afleurdepierre.com\/wp\/wp-content\/uploads\/carte-Eaux-Chaudes.jpg\" alt=\"\" class=\"wp-image-1536\" srcset=\"https:\/\/afleurdepierre.com\/wp\/wp-content\/uploads\/carte-Eaux-Chaudes.jpg 1116w, https:\/\/afleurdepierre.com\/wp\/wp-content\/uploads\/carte-Eaux-Chaudes-300x146.jpg 300w, https:\/\/afleurdepierre.com\/wp\/wp-content\/uploads\/carte-Eaux-Chaudes-768x374.jpg 768w\" sizes=\"auto, (max-width: 1116px) 100vw, 1116px\" \/><\/figure>\n\n\n\n<p> Apr\u00e8s avoir d\u00e9pass\u00e9 le quartier pigeonnier Barbejas, continuer jusqu&rsquo;au Vallon des Eaux Chaudes. La route en sens unique s&rsquo;oriente \u00e0 droite au niveau des h\u00f4tels pour les cures thermales. A l&rsquo;extr\u00e9mit\u00e9 de cette route vous trouvez sur votre droite les jardins. Pour ceux qui connaissent d\u00e9j\u00e0 Digne, ils se situe \u00e0 c\u00f4t\u00e9 du stand de tirs \u00e0 l&rsquo;arc. <\/p>\n\n\n\n<p><\/p>\n","protected":false},"excerpt":{"rendered":"<p>Amis des Jardins, si vous souhaitez visiter les jardins ouverts et n\u00e9anmoins cl\u00f4tur\u00e9s, les jardiniers sur place vous accueilleront avec plaisir. #Digne-les-Bains Jardin des Cerises, quartier Pigeonnier-Barbejas : Quartier du [&hellip;]<\/p>\n","protected":false},"author":1,"featured_media":1401,"comment_status":"closed","ping_status":"closed","sticky":false,"template":"","format":"standard","meta":{"footnotes":""},"categories":[1,7,23,14],"tags":[],"class_list":{"0":"post-405","1":"post","2":"type-post","3":"status-publish","4":"format-standard","5":"has-post-thumbnail","7":"category-a-fleur-de-pierre","8":"category-jardins-solidaires","9":"category-participer","10":"category-digne-les-bains","11":"czr-hentry"},"_links":{"self":[{"href":"https:\/\/afleurdepierre.com\/wp\/wp-json\/wp\/v2\/posts\/405","targetHints":{"allow":["GET"]}}],"collection":[{"href":"https:\/\/afleurdepierre.com\/wp\/wp-json\/wp\/v2\/posts"}],"about":[{"href":"https:\/\/afleurdepierre.com\/wp\/wp-json\/wp\/v2\/types\/post"}],"author":[{"embeddable":true,"href":"https:\/\/afleurdepierre.com\/wp\/wp-json\/wp\/v2\/users\/1"}],"replies":[{"embeddable":true,"href":"https:\/\/afleurdepierre.com\/wp\/wp-json\/wp\/v2\/comments?post=405"}],"version-history":[{"count":15,"href":"https:\/\/afleurdepierre.com\/wp\/wp-json\/wp\/v2\/posts\/405\/revisions"}],"predecessor-version":[{"id":3911,"href":"https:\/\/afleurdepierre.com\/wp\/wp-json\/wp\/v2\/posts\/405\/revisions\/3911"}],"wp:featuredmedia":[{"embeddable":true,"href":"https:\/\/afleurdepierre.com\/wp\/wp-json\/wp\/v2\/media\/1401"}],"wp:attachment":[{"href":"https:\/\/afleurdepierre.com\/wp\/wp-json\/wp\/v2\/media?parent=405"}],"wp:term":[{"taxonomy":"category","embeddable":true,"href":"https:\/\/afleurdepierre.com\/wp\/wp-json\/wp\/v2\/categories?post=405"},{"taxonomy":"post_tag","embeddable":true,"href":"https:\/\/afleurdepierre.com\/wp\/wp-json\/wp\/v2\/tags?post=405"}],"curies":[{"name":"wp","href":"https:\/\/api.w.org\/{rel}","templated":true}]}}